{"id":5663,"date":"2019-02-05T14:42:47","date_gmt":"2019-02-05T13:42:47","guid":{"rendered":"https:\/\/2019.prague.wordcamp.org\/?p=5663"},"modified":"2019-02-08T11:34:04","modified_gmt":"2019-02-08T10:34:04","slug":"s-tomasem-cirklem-nejen-o-blogovani-a-divi-sablone","status":"publish","type":"post","link":"https:\/\/prague.wordcamp.org\/2019\/s-tomasem-cirklem-nejen-o-blogovani-a-divi-sablone\/","title":{"rendered":"S Tom\u00e1\u0161em Cirklem nejen o blogov\u00e1n\u00ed a Divi \u0161ablon\u011b"},"content":{"rendered":"<p><span style=\"font-weight: 400\">Dal\u0161\u00edm z p\u0159edn\u00e1\u0161ej\u00edc\u00edch, kter\u00e9 v\u00e1m v seri\u00e1lu rozhovor\u016f p\u0159edstav\u00edme, je Tom\u00e1\u0161 Cirkl alias \u201e<\/span><a href=\"https:\/\/www.wplama.cz\/\"><span style=\"font-weight: 400\">WP lama<\/span><\/a><span style=\"font-weight: 400\">\u201c, kter\u00e9ho pro v\u00e1s vyzpov\u00eddala Karol\u00edna Vysko\u010dilov\u00e1.<\/span><\/p>\n<p><b>Ahoj Tom\u00e1\u0161i, n\u00e1v\u0161t\u011bvn\u00edci WordCampu t\u011b budou zn\u00e1t zejm\u00e9na jako blogera. Co t\u011b k vytvo\u0159en\u00ed blogu vedlo a kolik m\u00e1 blog n\u00e1v\u0161t\u011bvn\u00edk\u016f za m\u011bs\u00edc? <\/b><\/p>\n<p><span style=\"font-weight: 400\">Ahoj Karol\u00edno, cht\u011bl jsem za\u010d\u00edt ps\u00e1t n\u011bjak\u00fd t\u00e9matick\u00fd blog, a proto\u017ee jsem s WordPress v t\u00e9 dob\u011b u\u017e hodn\u011b pracoval a v CZ\/SK nic takov\u00e9ho nebylo, tak jsem to zkusil. V prvn\u00edch n\u011bkolika m\u011bs\u00edc\u00edch jsme blog jen plnili obsahem a a\u017e po n\u011bjak\u00fdch 50 n\u00e1vodech jsem jej pustil do sv\u011bta. Hodn\u011b lidem se l\u00edbil, tak o n\u011bm napsali na soci\u00e1ln\u00edch s\u00edt\u00edch a od t\u00e9 doby to jelo. V sou\u010dasn\u00e9 dob\u011b je n\u00e1v\u0161t\u011bvnost blogu v \u0159\u00e1dech des\u00edtek tis\u00edc n\u00e1v\u0161t\u011bvn\u00edk\u016f m\u011bs\u00ed\u010dn\u011b.<\/span><\/p>\n<p><b>Krom\u011b blogu WPLama.cz m\u00e1\u0161 je\u0161t\u011b projekt <\/b><a href=\"https:\/\/www.divi.cz\"><b>divi.cz<\/b><\/a><b>. Jak ses k t\u00e9hle \u0161ablon\u011b dostal a pro\u010d se specializuje\u0161 na pr\u00e1ci s n\u00ed?<\/b><\/p>\n<p><span style=\"font-weight: 400\">S Divi jsem za\u010dal pracovat u\u017e v roce 2013. Hledal jsem jednoduchou, univerz\u00e1ln\u00ed, u\u017eivatelsky p\u0159\u00edv\u011btivou \u0161ablonu s page builderem, kterou budu doporu\u010dovat sv\u00fdm klient\u016fm. Mysl\u00edm, \u017ee se to povedlo.<\/span><\/p>\n<p><b>Je z tv\u00e9ho pohledu Gutenberg konkurentem pro Divi, nebo zvl\u00e1dnou existovat spole\u010dn\u011b? Anebo za\u010dne Divi builder postupn\u011b p\u0159eb\u00edrat strukturu Gutenbergu?<\/b><\/p>\n<p><span style=\"font-weight: 400\">Gutenberg je st\u00e1le je\u0161t\u011b ve v\u00fdvoji. Osobn\u011b si mysl\u00edm, \u017ee se v\u016fbec v\u00fdchoz\u00edm editorem st\u00e1t nem\u011bl. Lep\u0161\u00ed cesta by byla nechat v\u00fdchoz\u00edm editorem i nad\u00e1le klasick\u00fd editor a jen tam d\u00e1t tla\u010d\u00edtko na aktivaci Gutenberg editoru. Tak\u017ee by si ho snadno na str\u00e1nce zapnul jen ten, kdo ho chce pou\u017e\u00edvat. Divi je se sv\u00fdmi mo\u017enostmi zat\u00edm na m\u00edle daleko. Existovat ur\u010dit\u011b budou spole\u010dn\u011b, u\u017eivatel\u00e9 si v\u017edycky vyberou to, co cht\u011bj\u00ed a s \u010d\u00edm se jim pracuje dob\u0159e.<\/span><\/p>\n<p><b>Ned\u00e1vno jsi zalo\u017eil vlastn\u00ed firmu <\/b><a href=\"https:\/\/www.wpress.help\/\"><b>wpress.help<\/b><\/a><b>, co v\u0161echno je v\u00e1\u0161 t\u00fdm schopn\u00fd klient\u016fm nab\u00eddnout? Spolupracujete i p\u0159i tvorb\u011b obsahu na blogy?<\/b><\/p>\n<p><span style=\"font-weight: 400\">Specializujeme se jen na pr\u00e1ce t\u00fdkaj\u00edc\u00ed se WordPress. Tvorbu obsahu nebo grafiky v\u016fbec ned\u011bl\u00e1me, ty mus\u00ed m\u00edt klient u\u017e p\u0159ipraven\u00e9. Pak pro n\u00e1s nen\u00ed probl\u00e9m vytvo\u0159it web, plugin nebo \u0161ablonu na m\u00edru.<\/span><\/p>\n<p><b>Krom\u011b pr\u00e1ce pro klienty a psan\u00ed tak\u00e9 o WordPressu a Divi \u0161kol\u00ed\u0161 \u2013 nejbli\u017e\u0161\u00ed \u0161kolen\u00ed je za <\/b><a href=\"https:\/\/premium.wplama.cz\/produkt\/skoleni-tvorby-webu-s-divi-sablonou-pro-zacatecniky-a-mirne-pokrocile-praha-7-2-2019\/\"><b>p\u00e1r dn\u00ed<\/b><\/a><b>. Prozrad\u00ed\u0161 n\u00e1m, jak\u00fd je o n\u011b z\u00e1jem a kdo je tak b\u011b\u017en\u00fd n\u00e1v\u0161t\u011bvn\u00edk tv\u00fdch \u0161kolen\u00ed? Jak dlouho takov\u00e9 \u0161kolen\u00ed p\u0159ipravuje\u0161?<\/b><\/p>\n<p><span style=\"font-weight: 400\">\u0160kolen\u00ed je obvykle pom\u011brn\u011b rychle vyprodan\u00e9. Proto\u017ee p\u0159ev\u00e1\u017en\u011b d\u011bl\u00e1m \u0161kolen\u00ed pro za\u010d\u00e1te\u010dn\u00edky, tak nej\u010dast\u011bji jsou na \u0161kolen\u00ed asistentky ve firm\u011b nebo lid\u00e9, kte\u0159\u00ed si cht\u011bj\u00ed web postavit sami. Hodn\u011b tak\u00e9 chod\u00ed u\u010ditel\u00e9 ze \u0161kol. \u0160kolen\u00ed p\u0159ipravuji a upravuji pr\u016fb\u011b\u017en\u011b, ale \u0159ekl bych, \u017ee to tak 2-3 dny ur\u010dit\u011b zabere.<\/span><\/p>\n<p><b>Na WordCampu bude\u0161 p\u0159edn\u00e1\u0161et o zm\u011bn\u00e1ch ve WordPressu za posledn\u00edch p\u011bt let, m\u016f\u017ee\u0161 n\u00e1s na p\u0159edn\u00e1\u0161ku nal\u00e1kat? Co se tam dozv\u00edme?<\/b><\/p>\n<p><span style=\"font-weight: 400\">Pod\u00edv\u00e1me se na ty u\u017eivatelsky nejd\u016fle\u017eit\u011bj\u0161\u00ed zm\u011bny, kter\u00e9 prob\u011bhly. Bude to sp\u00ed\u0161e zam\u011b\u0159en\u00e9 na uv\u011bdom\u011bn\u00ed si, kolik zm\u011bn WordPress prod\u011blal a jak moc se za ty roky zlep\u0161il a zm\u011bnil. Celkem projdeme 12 hlavn\u00edch aktualizac\u00ed j\u00e1dra, od verze 3.9 \u201cSmith\u201d a\u017e po 5.0 \u201cBebo\u201d.<\/span><\/p>\n<p><b>To zn\u00ed dob\u0159e, m\u00e1m pocit, \u017ee si lidi \u010dasto neuv\u011bdomuj\u00ed, jak velk\u00fd pokrok to za p\u00e1r let byl. D\u00edky za rozhovor a budu se t\u011b\u0161it na vid\u011bnou na WordCampu.<\/b><\/p>\n<p><a class=\"btn-pozvanka\" href=\"\/vstupenky\/\"><span style=\"color: #fff\">Kupte si vstupenku a p\u0159ij\u010fte na WordCamp<\/span><\/a><\/p>\n","protected":false},"excerpt":{"rendered":"<p>Dal\u0161\u00edm z p\u0159edn\u00e1\u0161ej\u00edc\u00edch, kter\u00e9 v\u00e1m v seri\u00e1lu rozhovor\u016f p\u0159edstav\u00edme, je Tom\u00e1\u0161 Cirkl alias \u201eWP lama\u201c, kter\u00e9ho pro v\u00e1s vyzpov\u00eddala Karol\u00edna Vysko\u010dilov\u00e1. Ahoj Tom\u00e1\u0161i, n\u00e1v\u0161t\u011bvn\u00edci WordCampu t\u011b budou zn\u00e1t zejm\u00e9na jako blogera. Co t\u011b k vytvo\u0159en\u00ed blogu vedlo a kolik m\u00e1 blog n\u00e1v\u0161t\u011bvn\u00edk\u016f za m\u011bs\u00edc? Ahoj Karol\u00edno, cht\u011bl jsem za\u010d\u00edt ps\u00e1t n\u011bjak\u00fd t\u00e9matick\u00fd blog, a proto\u017ee &hellip; <a href=\"https:\/\/prague.wordcamp.org\/2019\/s-tomasem-cirklem-nejen-o-blogovani-a-divi-sablone\/\" class=\"more-link\">Pokra\u010dov\u00e1n\u00ed textu <span class=\"screen-reader-text\">S Tom\u00e1\u0161em Cirklem nejen o blogov\u00e1n\u00ed a Divi \u0161ablon\u011b<\/span><\/a><\/p>\n","protected":false},"author":13079569,"featured_media":5664,"comment_status":"open","ping_status":"open","sticky":false,"template":"","format":"standard","meta":{"_crdt_document":"","jetpack_post_was_ever_published":false,"_jetpack_newsletter_access":"","_jetpack_dont_email_post_to_subs":false,"_jetpack_newsletter_tier_id":0,"_jetpack_memberships_contains_paywalled_content":false,"_jetpack_memberships_contains_paid_content":false,"footnotes":"","jetpack_publicize_message":"","jetpack_publicize_feature_enabled":true,"jetpack_social_post_already_shared":true,"jetpack_social_options":{"image_generator_settings":{"template":"highway","default_image_id":0,"font":"","enabled":false},"version":2}},"categories":[750975],"tags":[],"class_list":["post-5663","post","type-post","status-publish","format-standard","has-post-thumbnail","hentry","category-rozhovory"],"jetpack_publicize_connections":[],"jetpack_featured_media_url":"https:\/\/i0.wp.com\/prague.wordcamp.org\/2019\/files\/2019\/01\/cirkl.jpg?fit=2564%2C1923&ssl=1","jetpack_sharing_enabled":true,"jetpack_shortlink":"https:\/\/wp.me\/pab3ys-1tl","_links":{"self":[{"href":"https:\/\/prague.wordcamp.org\/2019\/wp-json\/wp\/v2\/posts\/5663","targetHints":{"allow":["GET"]}}],"collection":[{"href":"https:\/\/prague.wordcamp.org\/2019\/wp-json\/wp\/v2\/posts"}],"about":[{"href":"https:\/\/prague.wordcamp.org\/2019\/wp-json\/wp\/v2\/types\/post"}],"author":[{"embeddable":true,"href":"https:\/\/prague.wordcamp.org\/2019\/wp-json\/wp\/v2\/users\/13079569"}],"replies":[{"embeddable":true,"href":"https:\/\/prague.wordcamp.org\/2019\/wp-json\/wp\/v2\/comments?post=5663"}],"version-history":[{"count":4,"href":"https:\/\/prague.wordcamp.org\/2019\/wp-json\/wp\/v2\/posts\/5663\/revisions"}],"predecessor-version":[{"id":5742,"href":"https:\/\/prague.wordcamp.org\/2019\/wp-json\/wp\/v2\/posts\/5663\/revisions\/5742"}],"wp:featuredmedia":[{"embeddable":true,"href":"https:\/\/prague.wordcamp.org\/2019\/wp-json\/wp\/v2\/media\/5664"}],"wp:attachment":[{"href":"https:\/\/prague.wordcamp.org\/2019\/wp-json\/wp\/v2\/media?parent=5663"}],"wp:term":[{"taxonomy":"category","embeddable":true,"href":"https:\/\/prague.wordcamp.org\/2019\/wp-json\/wp\/v2\/categories?post=5663"},{"taxonomy":"post_tag","embeddable":true,"href":"https:\/\/prague.wordcamp.org\/2019\/wp-json\/wp\/v2\/tags?post=5663"}],"curies":[{"name":"wp","href":"https:\/\/api.w.org\/{rel}","templated":true}]}}