{"id":5637,"date":"2019-01-28T12:48:25","date_gmt":"2019-01-28T11:48:25","guid":{"rendered":"https:\/\/2019.prague.wordcamp.org\/?p=5637"},"modified":"2019-02-08T11:34:19","modified_gmt":"2019-02-08T10:34:19","slug":"rozhovor-s-vitou-valkou-nejen-o-cestovani","status":"publish","type":"post","link":"https:\/\/prague.wordcamp.org\/2019\/rozhovor-s-vitou-valkou-nejen-o-cestovani\/","title":{"rendered":"Rozhovor s V\u00ed\u0165ou V\u00e1lkou nejen o cestov\u00e1n\u00ed"},"content":{"rendered":"<p><span style=\"font-weight: 400\">Dal\u0161\u00ed, koho budete m\u00edt \u010dest na WordCampu poznat, je karavanov\u00fd nom\u00e1d a webov\u00fd designer <\/span><a href=\"http:\/\/vitavalka.cz\/\"><span style=\"font-weight: 400\">V\u00ed\u0165a V\u00e1lka<\/span><\/a><span style=\"font-weight: 400\">, kter\u00e9ho pro v\u00e1s vyzpov\u00eddala Karol\u00edna Vysko\u010dilov\u00e1. <\/span><\/p>\n<p><b>Ahoj V\u00ed\u0165o, jsi zn\u00e1m\u00fd jako UX designer. Na \u010dem zaj\u00edmav\u00e9m jsi v posledn\u00ed dob\u011b d\u011blal? Kterou \u010d\u00e1st designu nejrad\u0161i navrhuje\u0161, a pro\u010d?<\/b><\/p>\n<p><span style=\"font-weight: 400\">Posledn\u00ed roky se hezk\u00fdch projekt\u016f, kter\u00e9 m\u011b bavily, se\u0161lo dost. Z t\u011bch zn\u00e1m\u00fdch firem bych zm\u00ednil <\/span><a href=\"https:\/\/www.ctk.cz\/\"><span style=\"font-weight: 400\">nov\u00fd web \u010cTK<\/span><\/a><span style=\"font-weight: 400\">, kde t\u00fdm Honzy \u0158ez\u00e1\u010de navrhnul wireframy a j\u00e1 grafiku, nebo design webu M\u0160MT a jejich dota\u010dn\u00ed sekce OP VVV. A pak webovky pro <\/span><a href=\"https:\/\/www.reflexcapital.com\/\"><span style=\"font-weight: 400\">Reflex Capital<\/span><\/a><span style=\"font-weight: 400\">, co\u017e je jedna z velk\u00fdch investi\u010dn\u00edch firem podporuj\u00edc\u00edch zn\u00e1m\u00e9 \u010desk\u00e9 startupy.<\/span><\/p>\n<p><span style=\"font-weight: 400\">Co m\u011b ale bavilo moc, jsou weby pro osobnosti z r\u016fzn\u00fdch obor\u016f. Nap\u0159\u00edklad pro <\/span><a href=\"http:\/\/tomaskral.me\/\"><span style=\"font-weight: 400\">zp\u011bv\u00e1ka Tom\u00e1\u0161e Kr\u00e1le<\/span><\/a><span style=\"font-weight: 400\">, br\u00e1chu youtubera Jirky Kr\u00e1le, nebo pro fl\u00e9tnistku \u017eij\u00edc\u00ed ve Washingtonu, <\/span><a href=\"http:\/\/adelabalima.com\/\"><span style=\"font-weight: 400\">Adelu Balimu<\/span><\/a><span style=\"font-weight: 400\">. A taky pro nejlep\u0161\u00edho realitn\u00edho makl\u00e9\u0159e, kter\u00e9ho zn\u00e1m \u2013 <\/span><a href=\"https:\/\/www.michalsoucek.com\/\"><span style=\"font-weight: 400\">Michala Sou\u010dka<\/span><\/a><span style=\"font-weight: 400\">.<\/span><\/p>\n<p><span style=\"font-weight: 400\">Hodn\u011b m\u011b posledn\u00ed dobou bav\u00ed pr\u00e1ce na neve\u0159ejn\u00fdch aplikac\u00edch a pro zahrani\u010dn\u00ed klienty, je p\u0159ece jen o n\u011bco v\u011bt\u0161\u00ed v\u00fdzva, kdy\u017e \u010dlov\u011bk obhajuje n\u00e1vrh nebo z\u00edsk\u00e1v\u00e1 podklady v jin\u00e9m jazyce. Posledn\u00ed roky m\u011b dost bav\u00ed vlastn\u00ed projekty, na kter\u00fdch se pod\u00edl\u00edm s dal\u0161\u00edmi skv\u011bl\u00fdmi lidmi, nap\u0159\u00edklad AI pro fotky pod n\u00e1zvem <\/span><a href=\"https:\/\/ximilar.com\/\"><span style=\"font-weight: 400\">Ximilar<\/span><\/a><span style=\"font-weight: 400\">, kde jsme tak\u00e9 v minul\u00e9m roce spustili vylep\u0161en\u00fd web. Nebo plugin <\/span><a href=\"https:\/\/wordpress.org\/plugins\/pixelrockstar\/\"><span style=\"font-weight: 400\">PixelRockstar<\/span><\/a><span style=\"font-weight: 400\"> s leg\u00e1ln\u00edmi fotkami pro WordPress.<\/span><\/p>\n<p><b>Velk\u00e1 \u010d\u00e1st freelancersk\u00e9 komunity t\u011b m\u00e1 ale spojen\u00e9ho hlavn\u011b s cestov\u00e1n\u00edm \u2013 toho se t\u00fdk\u00e1 i t\u00e9ma networkov\u00e1n\u00ed v atriu na leto\u0161n\u00edm WordCampu. Kdy se cestov\u00e1n\u00ed stalo sou\u010d\u00e1st\u00ed tv\u00e9ho \u017eivotn\u00edho stylu? Na co se m\u016f\u017eou \u00fa\u010dastn\u00edci WordCampu t\u011b\u0161it?<\/b><\/p>\n<p><span style=\"font-weight: 400\">Cestuju u\u017e od ml\u00e1d\u00ed. Vzpom\u00edn\u00e1m si, \u017ee prvn\u00ed \u0159\u00e1dn\u00fd v\u00fdlet s rodi\u010di byl v sedmn\u00e1cti letech do Bibione v It\u00e1lii a prvn\u00ed samostatn\u00fd byl na Korfu autobusem, kdy\u017e mi bylo dvacet dva let. Od t\u00e9 doby m\u00e1m projetou Evropu a n\u011bkolikr\u00e1t jsem byl v Severn\u00ed Americe.<\/span><\/p>\n<p><span style=\"font-weight: 400\">Na WordCampu bych r\u00e1d uk\u00e1zal, \u017ee cestov\u00e1n\u00ed m\u016f\u017ee m\u00edt velkou hodnotu pro spokojen\u011bj\u0161\u00ed \u017eivot i pro pr\u00e1ci, a \u017ee ten, kdo cestuje, bude m\u00edt objektivn\u011bj\u0161\u00ed pohled na sv\u011bt a na ty ka\u017edodenn\u00ed malichernosti, kter\u00e9 ka\u017ed\u00e9ho z n\u00e1s v \u017eivot\u011b potk\u00e1vaj\u00ed. A \u017ee to v\u0161e se d\u00e1 d\u011blat taky s celou rodinou. I kdy\u017e to vy\u017eaduje n\u011bjakou tu p\u0159\u00edpravu.<\/span><\/p>\n<p><b>Kdy\u017e jezd\u00ed\u0161 s rodinou v karavanu, m\u00e1te ur\u010dit\u011b vylad\u011bn\u00e9 UX i v n\u011bm, co? P\u0159edpokl\u00e1d\u00e1m, \u017ee u\u017e to d\u00e1vno nep\u0159ipom\u00edn\u00e1 karavan, se kter\u00fdm jezdili moji rodi\u010de na Slapy\u2026 Jak to uvnit\u0159 vypad\u00e1?<\/b><\/p>\n<p><span style=\"font-weight: 400\">P\u0159esn\u011b tak, technika se od t\u00e9 doby posunula. Dneska je karavan nebo obytn\u00e1 dod\u00e1vka vlastn\u011b d\u016fm na kolech, jen je o n\u011bco men\u0161\u00ed ne\u017e b\u011b\u017en\u00e9 domy. M\u00e1me tam topen\u00ed, m\u016f\u017eeme va\u0159it, sprchovat se, m\u00e1me elekt\u0159inu ze slunce a v koupeln\u011b funk\u010dn\u00ed toaletu.<\/span><\/p>\n<p><span style=\"font-weight: 400\">P\u0159ekvapiv\u00e9 pro mnoho lid\u00ed je, jak se tam vejdeme a jak to spolu p\u0159e\u017eijeme. Ale fakt je ten, \u017ee kdy\u017e cestujeme, sna\u017e\u00edme se sp\u00ed\u0161 zkoumat okol\u00ed, ne\u017e b\u00fdt zav\u0159en\u00ed \u201edoma\u201c, a tak vlastn\u011b nen\u00ed d\u016fle\u017eit\u00e9, \u017ee je v obytce m\u00e9n\u011b m\u00edsta. To, co \u010dlov\u011bk pot\u0159ebuje, tam je \u2013 st\u016fl a \u017eidle na j\u00eddlo, postele na span\u00ed, pracovn\u00ed prostor i koupelna s na\u010dechran\u00fdm ru\u010dn\u00edkem.<\/span><\/p>\n<p><span style=\"font-weight: 400\">Samoz\u0159ejm\u011b to m\u00e1 sv\u00e9 limity a nev\u00fdhody. \u010clov\u011bk si mus\u00ed hl\u00eddat, jestli m\u00e1 dost vody, jestli nen\u00ed pln\u00fd z\u00e1chod, jestli vyjde s elekt\u0159inou a plynem. Ale za t\u011bch 7 let, co takhle cestujeme, u\u017e to m\u00e1me zvl\u00e1dnut\u00e9 a jednozna\u010dn\u011b jsme na cest\u00e1ch v\u00edce v klidu. Proto\u017ee mal\u00fd prostor taky znamen\u00e1 m\u00e9n\u011b starost\u00ed s \u00faklidem a men\u0161\u00ed vzd\u00e1lenosti.<\/span><\/p>\n<p><b>Na cest\u00e1ch m\u00e1 \u010dlov\u011bk pot\u0159ebu dost fotit, ale ty krom\u011b focen\u00ed do rodinn\u00e9ho alba m\u00e1\u0161 spoustu zku\u0161enost\u00ed i s fotobankami. A ne \u00fapln\u011b jako fotograf \u2013 jedn\u00e9 z nich jsi i \u0161\u00e9foval. Jak ses k tomu dostal a co ti to dalo?<\/b><\/p>\n<p><span style=\"font-weight: 400\">To byla takov\u00e1 souhra p\u0159\u00edjemn\u00fdch n\u00e1hod. Kluci z <\/span><a href=\"http:\/\/www.miton.cz\/\"><span style=\"font-weight: 400\">Miton Investments<\/span><\/a><span style=\"font-weight: 400\"> tehdy m\u011bli pod\u00edl v jedn\u00e9 za\u010d\u00ednaj\u00edc\u00ed fotobance a pot\u0159ebovali pomoci s designem webu. No a jak jsem tak pom\u00e1hal, tak jsem najednou \u0161\u00e9foval, a jak jsem tak \u0161\u00e9foval, tak jsem najednou \u0159e\u0161il prodej do Ameriky. Byla to moc pou\u010dn\u00e1 zku\u0161enost. S v\u011bt\u0161inou lid\u00ed, kte\u0159\u00ed Pixmac t\u00fdm tvo\u0159ili, d\u00e1le spolupracuji nebo se potk\u00e1v\u00e1m \u2013 vybudovali jsme tam t\u00fdm sn\u016f.<\/span><\/p>\n<p><span style=\"font-weight: 400\">D\u00edky fotobance Pixmac mluv\u00edm plynn\u011b anglicky, p\u0159edt\u00edm jsem sp\u00ed\u0161 koktal. D\u00edky Pixmac jsem taky poznal \u00fa\u017easn\u00e9 lidi z r\u016fzn\u00fdch kout\u016f sv\u011bta i \u010ceska a p\u0159edn\u00e1\u0161el v Berl\u00edn\u011b nebo New Yorku. D\u00edky kluk\u016fm z Mitonu jsem pochopil, co to je sebev\u011bdom\u011b a eticky podnikat. Byla to nezapomenuteln\u00e1 etapa m\u00e9ho \u017eivota. Vzpom\u00edn\u00e1m na to se slzou v oku!<\/span><\/p>\n<p><b>Vr\u00e1t\u00edm se je\u0161t\u011b k UX. V\u00edm, \u017ee dost web\u016f stav\u00ed\u0161 na WordPressu, pro\u010d? <\/b><\/p>\n<p><span style=\"font-weight: 400\">WordPress byl v\u00fdsledkem takov\u00e9 postupn\u00e9 evoluce m\u00e9 pr\u00e1ce. Dlouh\u00e9 roky, kdy se weby navrhovaly ve Photoshopu a pak nasazovaly na CMSko na m\u00edru, byl pro klienty probl\u00e9m cokoliv do t\u011bchto syst\u00e9m\u016f dod\u011bl\u00e1vat \u2013 bylo to drah\u00e9. A pak p\u0159i\u0161el WordPress, sice nebyl p\u0159\u00edmo n\u00e1strojem na weby, ale tak n\u011bjak se j\u00edm necht\u00edc stal. M\u00e1 kolem sebe \u00fa\u017easnou komunitu lid\u00ed, kte\u0159\u00ed svoji pr\u00e1ci d\u011blaj\u00ed r\u00e1di. A kte\u0159\u00ed \u010dasto, mo\u017en\u00e1 \u00fapln\u011b v\u017edycky, nemaj\u00ed na prvn\u00edm m\u00edst\u011b pen\u00edze, ale radost z pr\u00e1ce. A tak se i mn\u011b stalo, \u017ee se WordPress stal skv\u011bl\u00fdm spojovac\u00edm prvkem mezi grafikem, program\u00e1torem a klientem \u2013 a v\u0161em p\u0159in\u00e1\u0161\u00ed radost.<\/span><\/p>\n<p><span style=\"font-weight: 400\">Na velk\u00e9 nebo unik\u00e1tn\u00ed projekty je sice WordPress mal\u00fd p\u00e1n, ale pro obrovskou skupinu b\u011b\u017en\u00fdch web\u016f a mal\u00fdch e-shop\u016f je to perfektn\u00ed n\u00e1stroj pln\u00fd nep\u0159ebern\u00e9ho mno\u017estv\u00ed roz\u0161\u00ed\u0159en\u00ed a pomocn\u00edk\u016f z cel\u00e9ho sv\u011bta.<\/span><\/p>\n<p><b>Co t\u011b vedlo k tomu vytvo\u0159it plugin pro fotobanky p\u0159\u00edmo pro WordPress? Jak p\u0159esn\u011b PixelRockstar funguje?<\/b><\/p>\n<p><span style=\"font-weight: 400\">Dal\u0161\u00ed z t\u011bch mil\u00fdch n\u00e1hod. Z doby Pixmacu jsem se znal s jedn\u00edm N\u011bmcem, prof\u00edkem na fotobanky, kter\u00fd WordPress pou\u017e\u00edval ve velk\u00e9m. Tenhle N\u011bmec se p\u0159est\u011bhoval do \u0160pan\u011blska, kde se potkal na WordCampu v Alicante s jin\u00fdm WordPress u\u017eivatelem a blogerem, kter\u00fd pot\u0159eboval rychle, snadno a leg\u00e1ln\u011b fotky do sv\u00fdch \u010dl\u00e1nk\u016f. A tak jsme dali hlavy dohromady a vznikl plugin, kter\u00fd nab\u00edz\u00ed fotky za babku a vkl\u00e1d\u00e1 je p\u0159\u00edmo do \u010dl\u00e1nku. Bez zbyte\u010dn\u00e9ho obt\u011b\u017eov\u00e1n\u00ed s uploadem, downloadem, zmen\u0161ov\u00e1n\u00edm a hl\u00edd\u00e1n\u00edm licenc\u00ed. <\/span><a href=\"https:\/\/www.pixelrockstar.com\/\"><span style=\"font-weight: 400\">PixelRockstar<\/span><\/a><span style=\"font-weight: 400\"> jednodu\u0161e naserv\u00edruje fotky ka\u017ed\u00e9mu blogerovi a\u017e pod nos.<\/span><\/p>\n<p><b>M\u00e1\u0161 v ruk\u00e1vu n\u011bjak\u00fd dal\u0161\u00ed zaj\u00edmav\u00fd projekt z posledn\u00ed doby?<\/b><\/p>\n<p><span style=\"font-weight: 400\">No, z\u00e1le\u017e\u00ed, kdy tento \u010dl\u00e1nek vyjde. Ale pr\u00e1v\u011b te\u010f dokon\u010duji s Honzou Bienem sv\u016fj vlastn\u00ed web, na kter\u00fd u\u017e deset let ostudn\u011b pad\u00e1 prach. Ten nov\u00fd bude kone\u010dn\u011b responzivn\u00ed (ano, d\u00e1m si jako webdesigner preventivn\u011b facku) a bude cel\u00fd obsluhovan\u00fd Gutenberg editorem.<\/span><\/p>\n<p><span style=\"font-weight: 400\">Mus\u00edm \u0159\u00edct, \u017ee spolupr\u00e1ce s Honzou je \u00fa\u017easn\u00e1, \u017ee to m\u00e1 v\u0161ecko zm\u00e1knut\u00e9 do posledn\u00edho \u0161roubku a j\u00e1 mu vlastn\u011b jen pom\u00e1h\u00e1m sem tam do n\u00e1vrhu dodat n\u011bjak\u00fd ten obr\u00e1zek nebo ikonku. A p\u0159esun dat do Gutenbergu je prost\u011b bombastick\u00fd, a\u017e na drobnosti je to vlastn\u011b copy &amp; paste ze star\u00e9ho webu. Naprost\u00e1 poh\u00e1dka, rozhodn\u011b je to cesta kup\u0159edu, i kdy\u017e tu jsou n\u011bjak\u00e9 ty porodn\u00ed bolesti, kter\u00e9 zp\u016fsobily p\u00e1r pern\u00fdch chvilek i p\u0159i v\u00fdvoji pluginu PixelRockstar.<\/span><\/p>\n<p><b>U\u017e aby to bylo venku. R\u00e1da se na n\u011bj pod\u00edv\u00e1m, moc \u010desk\u00fdch web\u016f na n\u011bm je\u0161t\u011b neb\u011b\u017e\u00ed. Zat\u00edm d\u00edky za rozhovor a navid\u011bnou na WordCampu.<\/b><\/p>\n<p><a class=\"btn-pozvanka\" href=\"\/vstupenky\/\"><span style=\"color: #fff\">Kupte si vstupenku a p\u0159ij\u010fte na WordCamp<\/span><\/a><\/p>\n","protected":false},"excerpt":{"rendered":"<p>Dal\u0161\u00ed, koho budete m\u00edt \u010dest na WordCampu poznat, je karavanov\u00fd nom\u00e1d a webov\u00fd designer V\u00ed\u0165a V\u00e1lka, kter\u00e9ho pro v\u00e1s vyzpov\u00eddala Karol\u00edna Vysko\u010dilov\u00e1. Ahoj V\u00ed\u0165o, jsi zn\u00e1m\u00fd jako UX designer. Na \u010dem zaj\u00edmav\u00e9m jsi v posledn\u00ed dob\u011b d\u011blal? Kterou \u010d\u00e1st designu nejrad\u0161i navrhuje\u0161, a pro\u010d? Posledn\u00ed roky se hezk\u00fdch projekt\u016f, kter\u00e9 m\u011b bavily, se\u0161lo dost. Z &hellip; <a href=\"https:\/\/prague.wordcamp.org\/2019\/rozhovor-s-vitou-valkou-nejen-o-cestovani\/\" class=\"more-link\">Pokra\u010dov\u00e1n\u00ed textu <span class=\"screen-reader-text\">Rozhovor s V\u00ed\u0165ou V\u00e1lkou nejen o cestov\u00e1n\u00ed<\/span><\/a><\/p>\n","protected":false},"author":13079569,"featured_media":5638,"comment_status":"open","ping_status":"open","sticky":false,"template":"","format":"standard","meta":{"_crdt_document":"","jetpack_post_was_ever_published":false,"_jetpack_newsletter_access":"","_jetpack_dont_email_post_to_subs":false,"_jetpack_newsletter_tier_id":0,"_jetpack_memberships_contains_paywalled_content":false,"_jetpack_memberships_contains_paid_content":false,"footnotes":"","jetpack_publicize_message":"","jetpack_publicize_feature_enabled":true,"jetpack_social_post_already_shared":true,"jetpack_social_options":{"image_generator_settings":{"template":"highway","default_image_id":0,"font":"","enabled":false},"version":2}},"categories":[750975],"tags":[],"class_list":["post-5637","post","type-post","status-publish","format-standard","has-post-thumbnail","hentry","category-rozhovory"],"jetpack_publicize_connections":[],"jetpack_featured_media_url":"https:\/\/i0.wp.com\/prague.wordcamp.org\/2019\/files\/2019\/01\/vita-valka-avatar2018.jpg?fit=1040%2C1040&ssl=1","jetpack_sharing_enabled":true,"jetpack_shortlink":"https:\/\/wp.me\/pab3ys-1sV","_links":{"self":[{"href":"https:\/\/prague.wordcamp.org\/2019\/wp-json\/wp\/v2\/posts\/5637","targetHints":{"allow":["GET"]}}],"collection":[{"href":"https:\/\/prague.wordcamp.org\/2019\/wp-json\/wp\/v2\/posts"}],"about":[{"href":"https:\/\/prague.wordcamp.org\/2019\/wp-json\/wp\/v2\/types\/post"}],"author":[{"embeddable":true,"href":"https:\/\/prague.wordcamp.org\/2019\/wp-json\/wp\/v2\/users\/13079569"}],"replies":[{"embeddable":true,"href":"https:\/\/prague.wordcamp.org\/2019\/wp-json\/wp\/v2\/comments?post=5637"}],"version-history":[{"count":2,"href":"https:\/\/prague.wordcamp.org\/2019\/wp-json\/wp\/v2\/posts\/5637\/revisions"}],"predecessor-version":[{"id":5745,"href":"https:\/\/prague.wordcamp.org\/2019\/wp-json\/wp\/v2\/posts\/5637\/revisions\/5745"}],"wp:featuredmedia":[{"embeddable":true,"href":"https:\/\/prague.wordcamp.org\/2019\/wp-json\/wp\/v2\/media\/5638"}],"wp:attachment":[{"href":"https:\/\/prague.wordcamp.org\/2019\/wp-json\/wp\/v2\/media?parent=5637"}],"wp:term":[{"taxonomy":"category","embeddable":true,"href":"https:\/\/prague.wordcamp.org\/2019\/wp-json\/wp\/v2\/categories?post=5637"},{"taxonomy":"post_tag","embeddable":true,"href":"https:\/\/prague.wordcamp.org\/2019\/wp-json\/wp\/v2\/tags?post=5637"}],"curies":[{"name":"wp","href":"https:\/\/api.w.org\/{rel}","templated":true}]}}