{"id":5206,"date":"2019-01-18T14:40:06","date_gmt":"2019-01-18T13:40:06","guid":{"rendered":"https:\/\/2019.prague.wordcamp.org\/?p=5206"},"modified":"2019-02-08T11:34:37","modified_gmt":"2019-02-08T10:34:37","slug":"kapitan-karel-dytrych-satnar-z-podpalubi","status":"publish","type":"post","link":"https:\/\/prague.wordcamp.org\/2019\/kapitan-karel-dytrych-satnar-z-podpalubi\/","title":{"rendered":"Kapit\u00e1n Karel Dytrych &#8211; \u0161atn\u00e1\u0159 Z podpalub\u00ed"},"content":{"rendered":"<p>Nejv\u00edce podce\u0148ovanou rol\u00ed na konferenc\u00edch nen\u00ed ani tak pan\u00ed Kv\u011bta, kter\u00e1 ma\u017ee bagety, ale dost \u010dasto je to \u0161atn\u00e1\u0159 &#8211; osoba, kter\u00e1 n\u00e1s jako jedna z prvn\u00edch pozdrav\u00ed p\u0159i p\u0159\u00edchodu a z\u00e1rove\u0148 se s n\u00e1mi jako posledn\u00ed rozlou\u010d\u00ed p\u0159i odchodu. M\u00e1lokdo si na \u0161atn\u00e1\u0159e z konference vzpomene. Na WordCampu tomu bude ale \u00fapln\u011b jinak, proto\u017ee pan \u0161atn\u00e1\u0159 b\u00fdv\u00e1 v\u00fdrazn\u00e1 osobnost \u010desk\u00e9ho internetu. Letos se v roli \u0161atn\u00e1\u0159e p\u0159edstav\u00ed <a href=\"https:\/\/kareldytrych.cz\/\"><strong>Karel Dytrych<\/strong><\/a>, a tak jsme se ho zeptali na p\u00e1r ot\u00e1zek.<\/p>\n<h2><b>Na tv\u00e9m webu m\u00e1\u0161 motto \u201cZjednodu\u0161uji podnik\u00e1n\u00ed druh\u00fdm\u201d. Co p\u0159esn\u011b si za t\u00edm m\u016f\u017eeme p\u0159edstavit?<\/b><\/h2>\n<p><span style=\"font-weight: 400\">Sna\u017e\u00edm se vytv\u00e1\u0159et produkty, kter\u00e9 skute\u010dn\u011b lidem podnik\u00e1n\u00ed zjednodu\u0161uj\u00ed. Takov\u00fd je hlavn\u011b n\u00e1stroj <\/span><a href=\"https:\/\/www.freelo.cz\/cs\"><span style=\"font-weight: 400\">Freelo.cz<\/span><\/a><span style=\"font-weight: 400\">, kter\u00fd slou\u017e\u00ed k organizaci pr\u00e1ce v t\u00fdmech. Tak\u00e9 <\/span><a href=\"https:\/\/www.vas-hosting.cz\/dokonaly-server\"><span style=\"font-weight: 400\">pronaj\u00edm\u00e1m servery<\/span><\/a><span style=\"font-weight: 400\">, kter\u00e9 jsou v\u00fdjime\u010dn\u011b snadn\u00e9 na pou\u017eit\u00ed. Mimo to vytv\u00e1\u0159\u00edm vzd\u011bl\u00e1vac\u00ed obsah, kter\u00fdm je podcast <\/span><a href=\"https:\/\/soundcloud.com\/zpodpalubi\"><span style=\"font-weight: 400\">Z podpalub\u00ed<\/span><\/a><span style=\"font-weight: 400\">. Tam zpov\u00edd\u00e1m \u00fasp\u011b\u0161n\u00e9 podnikatele a p\u0159ed\u00e1v\u00e1m d\u00e1l jejich tipy a know-how. Ob\u010das \u0161kol\u00edm, p\u0159edn\u00e1\u0161\u00edm nebo p\u00ed\u0161u \u010dl\u00e1nky. V\u0161echno s touto viz\u00ed.<\/span><\/p>\n<h2><b>Freelo &#8211; aplikace pro komunikaci a \u0159\u00edzen\u00ed pr\u00e1ce v t\u00fdmech &#8211; je tv\u016fj asi nejzn\u00e1m\u011bj\u0161\u00ed projekt. M\u016f\u017ee\u0161 n\u00e1m prozradit, co je u v\u00e1s ve Freelu nov\u00e9ho?<\/b><\/h2>\n<p><span style=\"font-weight: 400\">Pro n\u00e1s je velk\u00e1 novinka, \u017ee jsme na podzim p\u0159e\u0161li z remote fungov\u00e1n\u00ed do pardubick\u00fdch kancel\u00e1\u0159\u00ed, kam te\u010f hled\u00e1me i nov\u00e9 \u010dleny pos\u00e1dky. Hlavn\u011b n\u011bjak\u00e9 PHP n\u00e1mo\u0159n\u00edky. Pro lidi je nejv\u011bt\u0161\u00ed novinka za posledn\u00ed p\u016flrok <\/span><a href=\"https:\/\/blog.freelo.cz\/freelo-ma-timetracking\/\"><span style=\"font-weight: 400\">integrovan\u00fd timetracking<\/span><\/a><span style=\"font-weight: 400\"> a podpora pro snadn\u00e9 <\/span><a href=\"https:\/\/blog.freelo.cz\/4-duvody-proc-zacit-s-procesnim-rizenim\/\"><span style=\"font-weight: 400\">procesn\u00ed \u0159\u00edzen\u00ed<\/span><\/a><span style=\"font-weight: 400\">.<\/span><\/p>\n<h2><b>Jak jsme u\u017e zm\u00ednili, jsi tak\u00e9 autorem s\u00e9rie podcast\u016f Z podpalub\u00ed. V tuto chv\u00edli je na tv\u00e9m kan\u00e1le 17 rozhovor\u016f s pr\u016fm\u011brnou stop\u00e1\u017e\u00ed p\u0159es 60 minut. Jak tento n\u00e1pad vznikl, podle \u010deho si vyb\u00edr\u00e1\u0161 sv\u00e9 hosty a jak se c\u00edt\u00ed\u0161 za mikrofonem v roli moder\u00e1tora?<\/b><\/h2>\n<p><span style=\"font-weight: 400\">Jak vznikl n\u00e1pad\u2026 j\u00e1 s\u00e1m jsem dlouho podcasty poslouchal, tak jsem si to cht\u011bl prost\u011b zkusit. Dal jsem si z\u00e1vazek ka\u017ed\u00fd m\u011bs\u00edc alespo\u0148 d\u00edl a vydr\u017eet rok. Spln\u011bno.<\/span><b><br \/>\n<\/b><b><br \/>\n<\/b><span style=\"font-weight: 400\">V\u00fdb\u011br host\u016f je snadn\u00fd. Jsou to bu\u010f lid\u00e9, kte\u0159\u00ed m\u011b samotn\u00e9ho zaj\u00edmaj\u00ed, tak\u017ee bych si s nimi podcast r\u00e1d poslechl s\u00e1m\u2026 a nebo to jsou zn\u00e1m\u00ed a kamar\u00e1di, u kter\u00fdch v\u00edm, \u017ee maj\u00ed rozhodn\u011b co \u0159\u00edct. V\u017edy m\u00e1m za c\u00edl, aby \u0159ekli n\u011bjak\u00e9 tipy pro poslucha\u010de, kter\u00e9 mohou hned aplikovat.<\/span><b><br \/>\n<\/b><b><br \/>\n<\/b><span style=\"font-weight: 400\">Za mikrofonem si samoz\u0159ejm\u011b p\u0159ipad\u00e1m jako velk\u00e1 celebrita (sarkasmus) \ud83d\ude42<\/span><\/p>\n<h2><b>Jak\u00fd je tv\u016fj vztah k WordPressu? Pou\u017e\u00edv\u00e1\u0161 ho aktu\u00e1ln\u011b na n\u011bkter\u00e9m ze sv\u00fdch projekt\u016f?<\/b><\/h2>\n<p><span style=\"font-weight: 400\">WordPress je m\u016fj denn\u00ed chleba. Jednak na n\u011bm fr\u010d\u00ed blog Freela, d\u00e1le n\u00e1m na n\u011bm funguje v\u00edcejazy\u010dn\u00fd help,\u00a0<\/span><a href=\"https:\/\/help.freelo.cz\/\"><span style=\"font-weight: 400\">help.freelo.cz<\/span><\/a><span style=\"font-weight: 400\">, kde m\u00e1me v\u00fdborn\u00fd plugin WPML. Hl\u00edd\u00e1 si p\u0159eklady \u010dl\u00e1nk\u016f mezi jazyky a dal\u0161\u00ed v\u011bci. V\u0161echny \u010dl\u00e1nky z helpu tak\u00e9 p\u0159es API synchronizujeme do integrovan\u00fdch n\u00e1pov\u011bd p\u0159\u00edmo ve Freelu. \u017d\u00e1dn\u00e1 duplicitn\u00ed pr\u00e1ce. Na tohle jsme se sna\u017eili naj\u00edt n\u011bjakou slu\u017ebu, ale v po\u017eadovan\u00e9 kvalit\u011b nebyla. No a samoz\u0159ejm\u011b na\u0161e servery lad\u00edme pro WP, instal\u00e1tor na klik a pom\u00e1h\u00e1me WordPressist\u016fm, s \u010d\u00edm pot\u0159ebuj\u00ed.<\/span><\/p>\n<h2><b><\/b><b>Na leto\u0161n\u00edm ro\u010dn\u00edku WordCampu bude\u0161 \u0161atn\u00e1\u0159em &#8211; jak se na to t\u011b\u0161\u00ed\u0161?<\/b><\/h2>\n<p><span style=\"font-weight: 400\">T\u011b\u0161\u00edm se moc. Vlastn\u011b u\u017e v\u00edm, do \u010deho jdu. P\u0159ebrat \u0161tafetu po Filipovi je velik\u00e1 \u010dest \ud83d\ude42<\/span><\/p>\n<blockquote class=\"twitter-tweet\" data-width=\"550\" data-dnt=\"true\">\n<p lang=\"cs\" dir=\"ltr\">Jedno je po dnesnim <a href=\"https:\/\/twitter.com\/hashtag\/WordCampPraha?src=hash&amp;ref_src=twsrc%5Etfw\">#WordCampPraha<\/a> jisty, jako satnari bychom se s <a href=\"https:\/\/twitter.com\/filippodstavec?ref_src=twsrc%5Etfw\">@filippodstavec<\/a> uzivili <a href=\"https:\/\/twitter.com\/hashtag\/dreamjob?src=hash&amp;ref_src=twsrc%5Etfw\">#dreamjob<\/a> <a href=\"https:\/\/t.co\/JAZoh4ZQwl\">pic.twitter.com\/JAZoh4ZQwl<\/a><\/p>\n<p>&mdash; Karel Dytrych (@KarelDytrych) <a href=\"https:\/\/twitter.com\/KarelDytrych\/status\/967477035655450626?ref_src=twsrc%5Etfw\">February 24, 2018<\/a><\/p><\/blockquote>\n<p><script async src=\"https:\/\/platform.twitter.com\/widgets.js\" charset=\"utf-8\"><\/script><\/p>\n<p><a class=\"btn-pozvanka\" href=\"\/vstupenky\/\"><span style=\"color: #fff\">Kupte si vstupenku a p\u0159ij\u010fte na WordCamp<\/span><\/a><\/p>\n","protected":false},"excerpt":{"rendered":"<p>Nejv\u00edce podce\u0148ovanou rol\u00ed na konferenc\u00edch nen\u00ed ani tak pan\u00ed Kv\u011bta, kter\u00e1 ma\u017ee bagety, ale dost \u010dasto je to \u0161atn\u00e1\u0159 &#8211; osoba, kter\u00e1 n\u00e1s jako jedna z prvn\u00edch pozdrav\u00ed p\u0159i p\u0159\u00edchodu a z\u00e1rove\u0148 se s n\u00e1mi jako posledn\u00ed rozlou\u010d\u00ed p\u0159i odchodu. M\u00e1lokdo si na \u0161atn\u00e1\u0159e z konference vzpomene. Na WordCampu tomu bude ale \u00fapln\u011b jinak, proto\u017ee &hellip; <a href=\"https:\/\/prague.wordcamp.org\/2019\/kapitan-karel-dytrych-satnar-z-podpalubi\/\" class=\"more-link\">Pokra\u010dov\u00e1n\u00ed textu <span class=\"screen-reader-text\">Kapit\u00e1n Karel Dytrych &#8211; \u0161atn\u00e1\u0159 Z podpalub\u00ed<\/span><\/a><\/p>\n","protected":false},"author":14050131,"featured_media":5451,"comment_status":"open","ping_status":"open","sticky":false,"template":"","format":"standard","meta":{"_crdt_document":"","jetpack_post_was_ever_published":false,"_jetpack_newsletter_access":"","_jetpack_dont_email_post_to_subs":false,"_jetpack_newsletter_tier_id":0,"_jetpack_memberships_contains_paywalled_content":false,"_jetpack_memberships_contains_paid_content":false,"footnotes":"","jetpack_publicize_message":"","jetpack_publicize_feature_enabled":true,"jetpack_social_post_already_shared":true,"jetpack_social_options":{"image_generator_settings":{"template":"highway","default_image_id":0,"font":"","enabled":false},"version":2}},"categories":[750975],"tags":[],"class_list":["post-5206","post","type-post","status-publish","format-standard","has-post-thumbnail","hentry","category-rozhovory"],"jetpack_publicize_connections":[],"jetpack_featured_media_url":"https:\/\/i0.wp.com\/prague.wordcamp.org\/2019\/files\/2019\/01\/karel-dytrych.jpg?fit=1370%2C770&ssl=1","jetpack_sharing_enabled":true,"jetpack_shortlink":"https:\/\/wp.me\/pab3ys-1lY","_links":{"self":[{"href":"https:\/\/prague.wordcamp.org\/2019\/wp-json\/wp\/v2\/posts\/5206","targetHints":{"allow":["GET"]}}],"collection":[{"href":"https:\/\/prague.wordcamp.org\/2019\/wp-json\/wp\/v2\/posts"}],"about":[{"href":"https:\/\/prague.wordcamp.org\/2019\/wp-json\/wp\/v2\/types\/post"}],"author":[{"embeddable":true,"href":"https:\/\/prague.wordcamp.org\/2019\/wp-json\/wp\/v2\/users\/14050131"}],"replies":[{"embeddable":true,"href":"https:\/\/prague.wordcamp.org\/2019\/wp-json\/wp\/v2\/comments?post=5206"}],"version-history":[{"count":8,"href":"https:\/\/prague.wordcamp.org\/2019\/wp-json\/wp\/v2\/posts\/5206\/revisions"}],"predecessor-version":[{"id":5748,"href":"https:\/\/prague.wordcamp.org\/2019\/wp-json\/wp\/v2\/posts\/5206\/revisions\/5748"}],"wp:featuredmedia":[{"embeddable":true,"href":"https:\/\/prague.wordcamp.org\/2019\/wp-json\/wp\/v2\/media\/5451"}],"wp:attachment":[{"href":"https:\/\/prague.wordcamp.org\/2019\/wp-json\/wp\/v2\/media?parent=5206"}],"wp:term":[{"taxonomy":"category","embeddable":true,"href":"https:\/\/prague.wordcamp.org\/2019\/wp-json\/wp\/v2\/categories?post=5206"},{"taxonomy":"post_tag","embeddable":true,"href":"https:\/\/prague.wordcamp.org\/2019\/wp-json\/wp\/v2\/tags?post=5206"}],"curies":[{"name":"wp","href":"https:\/\/api.w.org\/{rel}","templated":true}]}}