{"id":4702,"date":"2019-01-04T14:42:58","date_gmt":"2019-01-04T13:42:58","guid":{"rendered":"https:\/\/2019.prague.wordcamp.org\/?p=4702"},"modified":"2019-02-08T11:34:51","modified_gmt":"2019-02-08T10:34:51","slug":"rozhovor-s-tomasem-kocifajem-o-funkci-hlavniho-organizatora-wordcampu","status":"publish","type":"post","link":"https:\/\/prague.wordcamp.org\/2019\/rozhovor-s-tomasem-kocifajem-o-funkci-hlavniho-organizatora-wordcampu\/","title":{"rendered":"Rozhovor s Tom\u00e1\u0161em Kocifajem o funkci hlavn\u00edho organiz\u00e1tora WordCampu"},"content":{"rendered":"<h2>Tom\u00e1\u0161i, posledn\u00ed 2 ro\u010dn\u00edky WordCampu jsi zast\u00e1val funkci hlavn\u00edho organiz\u00e1tora, co t\u011b motivovalo si vz\u00edt toto b\u0159\u00edm\u011b na starosti?<\/h2>\n<p>Mysl\u00edm, \u017ee to bylo n\u011bkolik okolnost\u00ed. WordCamp centr\u00e1la v USA nedovol\u00ed jednomu organiz\u00e1torovi realizovat v\u00edce ne\u017e 3 WordCampy (stejn\u00e9). Je to snaha o ochranu komunity, aby to nest\u00e1lo na jednom \u010dlov\u011bku, kter\u00fd to bude d\u011blat dlouhodob\u011b. Kdyby pak jednou skon\u010dil, nebyl by nikdo jin\u00fd, kdo by pokra\u010doval. Je proto d\u016fle\u017eit\u00e9, aby se do toho zapojilo v\u00edce lid\u00ed a bylo n\u00e1s v\u00edce, kdo bude m\u00edt dostate\u010dn\u00e9 zku\u0161enosti s organizac\u00ed. Radek Ku\u010dera, kter\u00fd organizoval ro\u010dn\u00edky p\u0159edchoz\u00ed, p\u0159edal \u017eezlo mn\u011b stejn\u011b jako j\u00e1 tob\u011b pro ro\u010dn\u00edk 2019.<\/p>\n<p>Krom toho, m\u011b WordPress a jeho ideologie bav\u00ed. Je to nejen m\u016fj kon\u00ed\u010dek, ale prakticky pr\u00e1ce na pln\u00fd \u00favazek. WordPress mi toho hodn\u011b dal a je pot\u0159eba mu to \u201cvr\u00e1tit\u201d. A to v podob\u011b, \u017ee stejn\u011b jako u\u010dili jin\u00ed m\u011b, mohu \u010d\u00e1st sv\u00e9 aktivity a know-how p\u0159edat nov\u00fdm poslucha\u010d\u016fm. Organizace WordCamp\u016f pro m\u011b byla \u010d\u00e1ste\u010dn\u011b i \u201cspl\u00e1tka\u201d za to, \u017ee WordPress je OpenSource.<\/p>\n<h2>Jak se \u010dasov\u011b zvl\u00e1d\u00e1 takov\u00e1 pozice? P\u0159ece jenom m\u00e1\u0161 s\u00e1m dost pr\u00e1ce v\u00a0Brilu.<\/h2>\n<p>Podle m\u011b to m\u00e1lo kdo vid\u00ed a uv\u011bdomuje si, ne\u017e si to zkus\u00ed. Jak u\u017e jist\u011b v\u00ed\u0161, je kl\u00ed\u010dov\u00fd cel\u00fd t\u00fdm lid\u00ed, kter\u00fd na akci u\u017e dlouho p\u0159edem pracuje. Podle m\u011b nen\u00ed mo\u017en\u00e9 n\u011bco takov\u00e9ho ud\u011blat s\u00e1m. Na druhou stranu, jako na hlavn\u00edho organiz\u00e1tora pad\u00e1 \u010dasto nejv\u00edce pr\u00e1ce &#8211; nikoliv t\u00e9 realiza\u010dn\u00ed, ale rozhodov\u00e1n\u00ed, promy\u0161len\u00ed, komunikace s ostatn\u00edmi atd.<\/p>\n<p>Kloubit to jde pom\u011brn\u011b slo\u017eit\u011b &#8211; je to prost\u011b cena za organizov\u00e1n\u00ed tak velk\u00e9ho eventu. Tak\u017ee jsou to hold prosezen\u00e9 ve\u010dery, protelefonovan\u00e1 odpoledne. Jak r\u00e1d pou\u017e\u00edv\u00e1m hl\u00e1\u0161ku z jednoho \u010desk\u00e9ho filmu: \u201cV\u00edkendy long, V\u00e1noce slim\u201d a dal\u0161\u00ed WordCamp je na sv\u011bt\u011b.<\/p>\n<h2>Mysl\u00ed\u0161, \u017ee ti tato pozice p\u0159idala n\u011bjak\u00e9 zku\u0161enosti, kter\u00e9 je\u0161t\u011b z\u00faro\u010d\u00ed\u0161?<\/h2>\n<p>Mysl\u00edm, \u017ee nespo\u010detn\u011b. Krom kontakt\u016f je to i zku\u0161enost s organizac\u00ed n\u011b\u010deho v\u011bt\u0161\u00edho. A jsou to zku\u0161enosti, jak vych\u00e1zet s t\u00fdmem, jak ho \u00fakolovat, \u0159\u00eddit, hledat dodavatele, sponzory atd. Pro n\u011bkoho, kdo se trochu sna\u017e\u00ed vyhnout komunikaci s\u00a0lidmi, je to pravd\u011bpodobn\u011b zku\u0161enost negativn\u00ed, ale j\u00e1 si osobn\u011b nemohu st\u011b\u017eovat. \u010clov\u011bk si spoustu v\u011bc\u00ed osahal, zkusil, a dneska u\u017e v\u00edm, co p\u0159i organizaci funguje a \u010demu se jisto jist\u011b vyhnout.<\/p>\n<h2>Kdy\u017e se zp\u011btn\u011b pod\u00edv\u00e1\u0161 na p\u0159ede\u0161l\u00e9 ro\u010dn\u00edky, m\u00e1\u0161 dojem, \u017ee se komunita rozr\u016fst\u00e1 nebo sp\u00ed\u0161e stagnuje? Mysl\u00ed\u0161, \u017ee je \u201emotorem\u201c r\u016fstu komunity pr\u00e1v\u011b WordCamp?<\/h2>\n<p>Hrozn\u011b r\u00e1d bych \u0159ekl, \u017ee ano, ale bohu\u017eel si to nemysl\u00edm. Komunita podle m\u011b m\u00edrn\u011b stagnuje. Nov\u00ed lid\u00e9 moc do j\u00e1dra komunity nechod\u00ed. S\u00e1m v\u00ed\u0161, kolik lid\u00ed p\u0159ijede na men\u0161\u00ed akce, kdo t\u011b pozdrav\u00ed, koho potk\u00e1v\u00e1\u0161 opakovan\u011b atd. Jsou to vesm\u011bs po\u0159\u00e1d ti stejn\u00ed lid\u00e9. U\u017e si ani nepamatuji, kdy n\u011bkdo p\u0159i\u0161el aktivn\u011b s\u00e1m, aby \u0159ekl: \u201cChci komunit\u011b pomoci, co m\u00e1m d\u011blat?\u201c.<\/p>\n<p>Nev\u00edm, jestli o to lidi nemaj\u00ed z\u00e1jem nebo se prost\u011b jen boj\u00ed n\u011bjak\u00e9ho odm\u00edtnut\u00ed. Nebo \u017ee nen\u00ed nic, co by dan\u00e9 komunit\u011b mohli p\u0159edat. V\u011b\u0159\u00edm ale v to, \u017ee z\u00e1jem o WordPress roste a \u010dasem to bude i s komunitou jin\u00e9 &#8211; \u017ee se do n\u00ed aktivn\u011b za\u010dnou hl\u00e1sit dal\u0161\u00ed lidi, kte\u0159\u00ed p\u0159ed p\u00e1r lety nap\u0159. i na WordCampu za\u010dali jako u\u017eivatel\u00e9 a postupn\u011b vyrostli do f\u00e1ze, kdy se zapoj\u00ed.<\/p>\n<p>Kr\u00e1sn\u00fdm p\u0159\u00edkladem je WordCamp Brno, kde vznikla vesm\u011bs samostatn\u00e1 skupina stejn\u00fdch nad\u0161enc\u016f jako v Praze. To je to, co WordPress a jeho komunita pot\u0159ebuje.<\/p>\n<h2>Mimo WordCamp ob\u010dasn\u011b vznikaj\u00ed dal\u0161\u00ed komunitn\u00ed akce a n\u011bkter\u00e9 m\u00e1\u0161 i na starosti. M\u016f\u017ee\u0161 n\u00e1m je p\u0159ibl\u00ed\u017eit?<\/h2>\n<p>Mysl\u00edm \u017ee \u201cm\u00e1\u0161 na starost\u201d je trochu p\u0159ehnan\u00e9. Jen jsem v\u011bt\u0161inou nejv\u00edce vid\u011bt a nejv\u00edce sly\u0161et. Velk\u00e9 d\u00edky za men\u0161\u00ed komunitn\u00ed akce pat\u0159\u00ed hlavn\u011b Martinovi Hlav\u00e1\u010dovi, kter\u00fd tomu v pozad\u00ed d\u00e1v\u00e1 motor v podob\u011b \u201ctich\u00e9ho chodu\u201d. Stejn\u011b tak Jakub Hladk\u00fd, kter\u00fd m\u00e1 na starosti propagaci &#8211; e-maily, soci\u00e1ln\u00ed s\u00edt\u011b atd. Obecn\u011b m\u00e1m r\u00e1d men\u0161\u00ed akce, kde nen\u00ed tolik lid\u00ed. Kde si \u010dlov\u011bk najde spole\u010dn\u00e1 t\u00e9mata, kter\u00e1 mohou b\u00fdt \u00fazce zam\u011b\u0159en\u00e1. A i kdy\u017e p\u0159ijede jen 20 lid\u00ed, \u010dasto to je to lep\u0161\u00ed, proto\u017ee maj\u00ed v\u0161ichni podobn\u00fd z\u00e1jem, znalosti, \u00farove\u0148 a plod\u00ed se v\u00edce n\u00e1pad\u016f.<\/p>\n<p>Proto jsme nap\u0159. v r\u00e1mci Brila za\u010dali p\u0159ipravovat <a href=\"https:\/\/www.wpweekend.cz\/\">WPWeekend.cz<\/a> &#8211; cht\u011bli jsme m\u00edt akci \u010dist\u011b jenom pro WordPress program\u00e1tory a v\u00fdvoj\u00e1\u0159e. Nebavit se o tom, jestli plugin um\u00ed to nebo to a jak zapnout nebo vypnout koment\u00e1\u0159e. Cht\u011bli jsme j\u00edt do hloubky. Cht\u011bli jsme vytv\u00e1\u0159et komunitu t\u011bch program\u00e1tor\u016f, kte\u0159\u00ed maj\u00ed spoustu zku\u0161enost\u00ed a mohou se o n\u011b pod\u011blit stejn\u011b jako my, abychom se spole\u010dn\u011b v\u0161ichni posouvali kup\u0159edu.<\/p>\n<p>A tou posledn\u00ed akc\u00ed, kterou jsme za\u010dali po\u0159\u00e1dat, bylo WordPress Pivo (<a href=\"http:\/\/www.wppivo.cz\/\">WPPivo.cz<\/a>) v Praze. To n\u00e1m chyb\u011blo nejv\u00edce. Prost\u011b zaj\u00edt jen na pivo s lidmi z komunity. \u017d\u00e1dn\u00e1 pr\u00e1ce, \u017e\u00e1dn\u00fd WordPress, \u017e\u00e1dn\u00e9 p\u0159edn\u00e1\u0161ky, p\u0159\u00edpravy apod. Jen sednout, hodit tam jedno dv\u011b studen\u00e9, pokecat a j\u00edt zase d\u00e1l. I kdy\u017e tomu te\u010f ned\u00e1v\u00e1me aktivn\u011b to, co bychom cht\u011bli, na\u0161t\u011bst\u00ed se na\u0161li kolegov\u00e9 z Prahy, kte\u0159\u00ed se toho chytli. A mysl\u00edm, \u017ee WPPivo je u\u017e tou pravidelnou komunitn\u00ed neform\u00e1ln\u00ed akc\u00ed, kterou jsme tu pot\u0159ebovali.<\/p>\n<h2>Na konec se t\u011b je\u0161t\u011b zept\u00e1m \u2013 jak se p\u0159ipravujete na WordPress 5.0? S t\u00edm tedy souvisej\u00edc\u00ed p\u0159\u00edchod Gutenbergu?<\/h2>\n<p>Na jednu stranu jsem stra\u0161n\u011b r\u00e1d, \u017ee Gutenberg vznikl. Podle m\u011b je to dal\u0161\u00ed evoluce, kterou WordPress (krom v\u0161eho ostatn\u00edho) pot\u0159ebuje. Je to podle m\u011b v\u011bc, kter\u00e1 bude postupem \u010dasu mezi lidmi po\u017eadovan\u00e1. Na druhou stranu jako poskytovatel\u00e9 slu\u017eeb to bude trochu boj. Na\u0161t\u011bst\u00ed n\u00e1m to moc probl\u00e9m\u016f nezp\u016fsob\u00ed, proto\u017ee nepou\u017e\u00edv\u00e1me moc plugin\u016f na manipulaci s obsahem p\u0159es WYSIWYG editor. V editoru je jen obsah, kter\u00fd by m\u011bl Gutenberg bez pot\u00ed\u017e\u00ed zvl\u00e1dnout.<\/p>\n<p>U n\u011bkter\u00fdch web\u016f to bude ale ur\u010dit\u011b \u0161patn\u011b a nastane situace, kter\u00e1 n\u00e1m to trochu zvrt\u00e1. Tam hold dojde k n\u011bjak\u00e9 \u00faprav\u011b. Pokud o to klient nebude st\u00e1t, tak se nasad\u00ed plugin na vypnut\u00ed Gutenbergu.<\/p>\n<p><a class=\"btn-pozvanka\" href=\"\/vstupenky\/\"><span style=\"color: #fff\">Kupte si vstupenku a p\u0159ij\u010fte na WordCamp<\/span><\/a><\/p>\n","protected":false},"excerpt":{"rendered":"<p>Tom\u00e1\u0161i, posledn\u00ed 2 ro\u010dn\u00edky WordCampu jsi zast\u00e1val funkci hlavn\u00edho organiz\u00e1tora, co t\u011b motivovalo si vz\u00edt toto b\u0159\u00edm\u011b na starosti? Mysl\u00edm, \u017ee to bylo n\u011bkolik okolnost\u00ed. WordCamp centr\u00e1la v USA nedovol\u00ed jednomu organiz\u00e1torovi realizovat v\u00edce ne\u017e 3 WordCampy (stejn\u00e9). Je to snaha o ochranu komunity, aby to nest\u00e1lo na jednom \u010dlov\u011bku, kter\u00fd to bude d\u011blat dlouhodob\u011b. &hellip; <a href=\"https:\/\/prague.wordcamp.org\/2019\/rozhovor-s-tomasem-kocifajem-o-funkci-hlavniho-organizatora-wordcampu\/\" class=\"more-link\">Pokra\u010dov\u00e1n\u00ed textu <span class=\"screen-reader-text\">Rozhovor s Tom\u00e1\u0161em Kocifajem o funkci hlavn\u00edho organiz\u00e1tora WordCampu<\/span><\/a><\/p>\n","protected":false},"author":9292185,"featured_media":5069,"comment_status":"open","ping_status":"open","sticky":false,"template":"","format":"standard","meta":{"_crdt_document":"","jetpack_post_was_ever_published":false,"_jetpack_newsletter_access":"","_jetpack_dont_email_post_to_subs":false,"_jetpack_newsletter_tier_id":0,"_jetpack_memberships_contains_paywalled_content":false,"_jetpack_memberships_contains_paid_content":false,"footnotes":"","jetpack_publicize_message":"","jetpack_publicize_feature_enabled":true,"jetpack_social_post_already_shared":true,"jetpack_social_options":{"image_generator_settings":{"template":"highway","default_image_id":0,"font":"","enabled":false},"version":2}},"categories":[750975],"tags":[],"class_list":["post-4702","post","type-post","status-publish","format-standard","has-post-thumbnail","hentry","category-rozhovory"],"jetpack_publicize_connections":[],"jetpack_featured_media_url":"https:\/\/i0.wp.com\/prague.wordcamp.org\/2019\/files\/2018\/11\/tomas-kocifaj.jpg?fit=825%2C510&ssl=1","jetpack_sharing_enabled":true,"jetpack_shortlink":"https:\/\/wp.me\/pab3ys-1dQ","_links":{"self":[{"href":"https:\/\/prague.wordcamp.org\/2019\/wp-json\/wp\/v2\/posts\/4702","targetHints":{"allow":["GET"]}}],"collection":[{"href":"https:\/\/prague.wordcamp.org\/2019\/wp-json\/wp\/v2\/posts"}],"about":[{"href":"https:\/\/prague.wordcamp.org\/2019\/wp-json\/wp\/v2\/types\/post"}],"author":[{"embeddable":true,"href":"https:\/\/prague.wordcamp.org\/2019\/wp-json\/wp\/v2\/users\/9292185"}],"replies":[{"embeddable":true,"href":"https:\/\/prague.wordcamp.org\/2019\/wp-json\/wp\/v2\/comments?post=4702"}],"version-history":[{"count":6,"href":"https:\/\/prague.wordcamp.org\/2019\/wp-json\/wp\/v2\/posts\/4702\/revisions"}],"predecessor-version":[{"id":5750,"href":"https:\/\/prague.wordcamp.org\/2019\/wp-json\/wp\/v2\/posts\/4702\/revisions\/5750"}],"wp:featuredmedia":[{"embeddable":true,"href":"https:\/\/prague.wordcamp.org\/2019\/wp-json\/wp\/v2\/media\/5069"}],"wp:attachment":[{"href":"https:\/\/prague.wordcamp.org\/2019\/wp-json\/wp\/v2\/media?parent=4702"}],"wp:term":[{"taxonomy":"category","embeddable":true,"href":"https:\/\/prague.wordcamp.org\/2019\/wp-json\/wp\/v2\/categories?post=4702"},{"taxonomy":"post_tag","embeddable":true,"href":"https:\/\/prague.wordcamp.org\/2019\/wp-json\/wp\/v2\/tags?post=4702"}],"curies":[{"name":"wp","href":"https:\/\/api.w.org\/{rel}","templated":true}]}}