{"id":4572,"date":"2018-11-16T14:31:33","date_gmt":"2018-11-16T13:31:33","guid":{"rendered":"https:\/\/2019.prague.wordcamp.org\/?p=4572"},"modified":"2018-12-14T00:30:09","modified_gmt":"2018-12-13T23:30:09","slug":"pripravy-wordcamp-praha-2019-jsou-v-plnem-proudu","status":"publish","type":"post","link":"https:\/\/prague.wordcamp.org\/2019\/pripravy-wordcamp-praha-2019-jsou-v-plnem-proudu\/","title":{"rendered":"P\u0159\u00edpravy WordCamp Praha 2019 jsou v pln\u00e9m proudu"},"content":{"rendered":"<p>Jako ka\u017ed\u00fd rok touto dobou, i nyn\u00ed <b>u\u017e prob\u00edhaj\u00ed hore\u010dn\u00e9 p\u0159\u00edpravy dal\u0161\u00edho ro\u010dn\u00edku pra\u017es<\/b><b>k<\/b><b>\u00e9ho Word<\/b><b>C<\/b><b>ampu <\/b><b>s po\u0159adov\u00fdm \u010d\u00edslem 6<\/b>. A proto\u017ee jsme hrav\u00ed a sout\u011b\u017eiv\u00ed, v\u0161e se nese v duchu l\u00e9pe, v\u00fd\u0161e, rychleji. <b>V <\/b><b>nadch\u00e1zej\u00edc\u00edm <\/b><b>ro\u010dn\u00edku bychom cht\u011bli dos\u00e1hnout <\/b><b>pro n\u00e1s magick\u00e9 <\/b><b>hranice 500 <\/b><b>n\u00e1v\u0161t\u011bvn\u00edk\u016f<\/b>. P\u0159edpoklady pro toto \u010d\u00edslo jsou velik\u00e9 a my tomu jdeme naproti mnoha vylep\u0161en\u00edmi.<\/p>\n<h2 class=\"western\">Ohl\u00e9dnut\u00ed za ro\u010dn\u00edkem 2018<\/h2>\n<p>Nejprve si ale poj\u010fme p\u0159ipomenout, jak\u00fd byl <a href=\"https:\/\/2018.prague.wordcamp.org\/\" target=\"_blank\" rel=\"noopener\">WordCamp Praha 2018<\/a>.<\/p>\n<ul>\n<li>2 stage (program\u00e1torsk\u00e1 a u\u017eivatelsk\u00e1)<\/li>\n<li>400 n\u00e1v\u0161t\u011bvn\u00edk\u016f<\/li>\n<li>10 p\u0159edn\u00e1\u0161ek<\/li>\n<li>6 workshop\u016f<\/li>\n<li>6 p\u0159\u00edpadov\u00fdch studi\u00ed<\/li>\n<li>13 organiz\u00e1tor\u016f a 9 dobrovoln\u00edk\u016f<\/li>\n<li>400.000 K\u010d rozpo\u010det<\/li>\n<\/ul>\n<p>Na konferenci zazn\u011bla t\u00e9mata GDPR, Gutenberg nebo udr\u017eitelnost WordPress web\u016f. Ve v\u00fdsledku je to v\u0161e jen o lidech. Jak s aplikac\u00ed zach\u00e1zej\u00ed a jak jsou d\u016fsledn\u00ed. Program\u00e1torsk\u00e1 \u010d\u00e1st konference \u0159e\u0161ila pochopiteln\u011b v\u00fdvojov\u00e9 \u010d\u00e1sti, nov\u00e9 postupy a nadch\u00e1zej\u00edc\u00ed technologie.<\/p>\n<h2 class=\"western\">Co chyst\u00e1me pro ro\u010dn\u00edk 2019<\/h2>\n<p><strong>Pro p\u0159\u00ed\u0161t\u00ed ro\u010dn\u00edk jsme se rozhodli zm\u011bnit koncept cel\u00e9ho programu<\/strong>, kter\u00fd umo\u017en\u00ed n\u00e1v\u0161t\u011bvn\u00edk\u016fm <strong>p\u0159esuny mezi jednotliv\u00fdmi programy<\/strong> tak, aby bylo mo\u017en\u00e9 <strong>stihnout ka\u017edou p\u0159edn\u00e1\u0161ku<\/strong> zvl\u00e1\u0161\u0165. Ale ani v tomto p\u0159\u00edpad\u011b nechceme p\u0159edn\u00e1\u0161ej\u00edc\u00ed omezit v \u010dasov\u00e9m harmonogramu. V\u011b\u0159\u00edme, \u017ee je na co se t\u011b\u0161it.<\/p>\n<p>Po\u010det p\u0159edn\u00e1\u0161ek jsme nechali na 10, budou zde ale pouze 2 p\u0159\u00edpadov\u00e9 studie a 2 workshopy. V\u011b\u0159\u00edme, \u017ee tak p\u0159isp\u011bjeme k vy\u0161\u0161\u00ed kvalit\u011b p\u0159\u00edpadov\u00fdch studi\u00ed i samotn\u00fdch workshop\u016f a d\u00e1me volnost pro networking mezi n\u00e1v\u0161t\u011bvn\u00edky.<\/p>\n<h2 class=\"western\">CZ WordPress komunita je st\u00e1le aktivn\u011bj\u0161\u00ed<\/h2>\n<p>K chystan\u00e9mu \u0161est\u00e9mu ro\u010dn\u00edku <b>se n\u00e1m op\u011bt se\u0161lo spousty nov\u00fdch n\u00e1m\u011bt\u016f, a n\u00e1pad\u016f na<\/b><b> p\u0159edn\u00e1\u0161ky<\/b>, tak\u017ee v\u00fdb\u011br op\u011bt nebude snadn\u00fd. Jako ka\u017ed\u00fd rok ale v\u011b\u0159\u00edme, \u017ee se n\u00e1m povede p\u0159ipravit takov\u00fd program, aby zaujal \u0161irokou ve\u0159ejnost.<\/p>\n<p><b>Je skv\u011bl\u00e9 jak je <a href=\"http:\/\/naswp.cz\/\" target=\"_blank\" rel=\"noopener\">\u010desk\u00e1 WordPress komunita<\/a> aktivn\u00ed, jak moc se zaj\u00edm\u00e1 o d\u011bn\u00ed v online a jak velk\u00fd m\u00e1 p\u0159esah i do dal\u0161\u00edch obor\u016f<\/b>. WordCamp je pr\u00e1v\u011b tou nejlep\u0161\u00ed akci, kde se m\u00e1 WP komunita \u0161anci sej\u00edt a vz\u00e1jemn\u011b si p\u0159edat \u010derstv\u011b nabyt\u00e9 zku\u0161enosti i znalosti. My jako organiz\u00e1to\u0159i k tomu v\u0161emu p\u0159ivedeme sp\u00edrkry zvu\u010dn\u00fdch jmen a p\u0159iprav\u00edme akci, na n\u00ed\u017e se bude je\u0161t\u011b dlouho v dobr\u00e9m vzpom\u00ednat.<\/p>\n<p>T\u011b\u0161te se na dal\u0161\u00ed ro\u010dn\u00edk WordCamp Praha 2019 s n\u00e1mi, d\u00e1v\u00e1me do toho zas maximum.<\/p>\n","protected":false},"excerpt":{"rendered":"<p>Jako ka\u017ed\u00fd rok touto dobou, i nyn\u00ed u\u017e prob\u00edhaj\u00ed hore\u010dn\u00e9 p\u0159\u00edpravy dal\u0161\u00edho ro\u010dn\u00edku pra\u017esk\u00e9ho WordCampu s po\u0159adov\u00fdm \u010d\u00edslem 6. A proto\u017ee jsme hrav\u00ed a sout\u011b\u017eiv\u00ed, v\u0161e se nese v duchu l\u00e9pe, v\u00fd\u0161e, rychleji. V nadch\u00e1zej\u00edc\u00edm ro\u010dn\u00edku bychom cht\u011bli dos\u00e1hnout pro n\u00e1s magick\u00e9 hranice 500 n\u00e1v\u0161t\u011bvn\u00edk\u016f. P\u0159edpoklady pro toto \u010d\u00edslo jsou velik\u00e9 a my tomu jdeme &hellip; <a href=\"https:\/\/prague.wordcamp.org\/2019\/pripravy-wordcamp-praha-2019-jsou-v-plnem-proudu\/\" class=\"more-link\">Pokra\u010dov\u00e1n\u00ed textu <span class=\"screen-reader-text\">P\u0159\u00edpravy WordCamp Praha 2019 jsou v pln\u00e9m proudu<\/span><\/a><\/p>\n","protected":false},"author":9292185,"featured_media":0,"comment_status":"open","ping_status":"open","sticky":false,"template":"","format":"standard","meta":{"_crdt_document":"","jetpack_post_was_ever_published":false,"_jetpack_newsletter_access":"","_jetpack_dont_email_post_to_subs":false,"_jetpack_newsletter_tier_id":0,"_jetpack_memberships_contains_paywalled_content":false,"_jetpack_memberships_contains_paid_content":false,"footnotes":"","jetpack_publicize_message":"","jetpack_publicize_feature_enabled":true,"jetpack_social_post_already_shared":true,"jetpack_social_options":{"image_generator_settings":{"template":"highway","default_image_id":0,"font":"","enabled":false},"version":2}},"categories":[1230900],"tags":[],"class_list":["post-4572","post","type-post","status-publish","format-standard","hentry","category-nezarazene"],"jetpack_publicize_connections":[],"jetpack_featured_media_url":"","jetpack_sharing_enabled":true,"jetpack_shortlink":"https:\/\/wp.me\/pab3ys-1bK","_links":{"self":[{"href":"https:\/\/prague.wordcamp.org\/2019\/wp-json\/wp\/v2\/posts\/4572","targetHints":{"allow":["GET"]}}],"collection":[{"href":"https:\/\/prague.wordcamp.org\/2019\/wp-json\/wp\/v2\/posts"}],"about":[{"href":"https:\/\/prague.wordcamp.org\/2019\/wp-json\/wp\/v2\/types\/post"}],"author":[{"embeddable":true,"href":"https:\/\/prague.wordcamp.org\/2019\/wp-json\/wp\/v2\/users\/9292185"}],"replies":[{"embeddable":true,"href":"https:\/\/prague.wordcamp.org\/2019\/wp-json\/wp\/v2\/comments?post=4572"}],"version-history":[{"count":8,"href":"https:\/\/prague.wordcamp.org\/2019\/wp-json\/wp\/v2\/posts\/4572\/revisions"}],"predecessor-version":[{"id":4911,"href":"https:\/\/prague.wordcamp.org\/2019\/wp-json\/wp\/v2\/posts\/4572\/revisions\/4911"}],"wp:attachment":[{"href":"https:\/\/prague.wordcamp.org\/2019\/wp-json\/wp\/v2\/media?parent=4572"}],"wp:term":[{"taxonomy":"category","embeddable":true,"href":"https:\/\/prague.wordcamp.org\/2019\/wp-json\/wp\/v2\/categories?post=4572"},{"taxonomy":"post_tag","embeddable":true,"href":"https:\/\/prague.wordcamp.org\/2019\/wp-json\/wp\/v2\/tags?post=4572"}],"curies":[{"name":"wp","href":"https:\/\/api.w.org\/{rel}","templated":true}]}}